{"id":3692,"date":"2026-04-01T11:04:28","date_gmt":"2026-04-01T09:04:28","guid":{"rendered":"https:\/\/annapic.fr\/?p=3692"},"modified":"2026-04-08T11:20:31","modified_gmt":"2026-04-08T09:20:31","slug":"debat-sur-la-dissuasion-nucleaire","status":"publish","type":"post","link":"https:\/\/annapic.fr\/index.php\/2026\/04\/01\/debat-sur-la-dissuasion-nucleaire\/","title":{"rendered":"D\u00e9bat sur la dissuasion nucl\u00e9aire"},"content":{"rendered":"<div class=\"x14z9mp xat24cr x1lziwak x1vvkbs xtlvy1s x126k92a\">\n<div dir=\"auto\">Ce matin, en commission de la D\u00e9fense, j\u2019ai particip\u00e9 \u00e0 une table ronde consacr\u00e9e \u00e0 la dissuasion nucl\u00e9aire, avec Emmanuelle Ma\u00eetre (FRS) et Olivier Zajec (IESD).<\/div>\n<div dir=\"auto\"><\/div>\n<\/div>\n<div class=\"x14z9mp xat24cr x1lziwak x1vvkbs xtlvy1s x126k92a\">\n<div dir=\"auto\">Depuis l\u2019invasion \u00e0 grande \u00e9chelle de l\u2019Ukraine, l\u2019Europe est confront\u00e9e \u00e0 une nouvelle r\u00e9alit\u00e9 strat\u00e9gique. Retour de la coercition nucl\u00e9aire, affaiblissement des cadres de ma\u00eetrise des armements, incertitudes sur la garantie am\u00e9ricaine, mont\u00e9e des puissances r\u00e9visionnistes : notre environnement de s\u00e9curit\u00e9 s\u2019est profond\u00e9ment transform\u00e9.<\/div>\n<div dir=\"auto\"><\/div>\n<\/div>\n<div class=\"x14z9mp xat24cr x1lziwak x1vvkbs xtlvy1s x126k92a\">\n<div dir=\"auto\">Dans ce contexte, le risque est celui d\u2019un d\u00e9ficit de dissuasion : un d\u00e9calage entre nos int\u00e9r\u00eats, nos capacit\u00e9s et la perception de notre cr\u00e9dibilit\u00e9 par nos adversaires.<\/div>\n<div dir=\"auto\"><\/div>\n<\/div>\n<div class=\"x14z9mp xat24cr x1lziwak x1vvkbs xtlvy1s x126k92a\">\n<div dir=\"auto\">Si le constat est largement partag\u00e9 en Europe, les r\u00e9ponses restent divergentes. La France, pour sa part, a engag\u00e9 une r\u00e9flexion, comme l\u2019a r\u00e9cemment illustr\u00e9 le Pr\u00e9sident de la R\u00e9publique dans son discours de l\u2019\u00cele-Longue.<\/div>\n<div dir=\"auto\"><\/div>\n<\/div>\n<div class=\"x14z9mp xat24cr x1lziwak x1vvkbs xtlvy1s x126k92a\">\n<div dir=\"auto\">Plusieurs questions demeurent n\u00e9anmoins ouvertes : \u00e9volution de notre doctrine, place de la stricte suffisance, moyens capacitaires, et contours d\u2019une \u00e9ventuelle \u00ab\u00a0dissuasion avanc\u00e9e\u00a0\u00bb.<\/div>\n<div dir=\"auto\"><\/div>\n<\/div>\n<div class=\"x14z9mp xat24cr x1lziwak x1vvkbs xtlvy1s x126k92a\">\n<div dir=\"auto\">Ces d\u00e9bats sont essentiels pour notre s\u00e9curit\u00e9 collective et pour l\u2019avenir de la d\u00e9fense europ\u00e9enne.<\/div>\n<\/div>\n","protected":false},"excerpt":{"rendered":"<p>Ce matin, en commission de la D\u00e9fense, j\u2019ai particip\u00e9 \u00e0 [&hellip;]<\/p>\n","protected":false},"author":9,"featured_media":3695,"comment_status":"open","ping_status":"open","sticky":false,"template":"","format":"standard","meta":{"footnotes":""},"categories":[129],"tags":[],"class_list":["post-3692","post","type-post","status-publish","format-standard","has-post-thumbnail","hentry","category-commission"],"_links":{"self":[{"href":"https:\/\/annapic.fr\/index.php\/wp-json\/wp\/v2\/posts\/3692","targetHints":{"allow":["GET"]}}],"collection":[{"href":"https:\/\/annapic.fr\/index.php\/wp-json\/wp\/v2\/posts"}],"about":[{"href":"https:\/\/annapic.fr\/index.php\/wp-json\/wp\/v2\/types\/post"}],"author":[{"embeddable":true,"href":"https:\/\/annapic.fr\/index.php\/wp-json\/wp\/v2\/users\/9"}],"replies":[{"embeddable":true,"href":"https:\/\/annapic.fr\/index.php\/wp-json\/wp\/v2\/comments?post=3692"}],"version-history":[{"count":1,"href":"https:\/\/annapic.fr\/index.php\/wp-json\/wp\/v2\/posts\/3692\/revisions"}],"predecessor-version":[{"id":3694,"href":"https:\/\/annapic.fr\/index.php\/wp-json\/wp\/v2\/posts\/3692\/revisions\/3694"}],"wp:featuredmedia":[{"embeddable":true,"href":"https:\/\/annapic.fr\/index.php\/wp-json\/wp\/v2\/media\/3695"}],"wp:attachment":[{"href":"https:\/\/annapic.fr\/index.php\/wp-json\/wp\/v2\/media?parent=3692"}],"wp:term":[{"taxonomy":"category","embeddable":true,"href":"https:\/\/annapic.fr\/index.php\/wp-json\/wp\/v2\/categories?post=3692"},{"taxonomy":"post_tag","embeddable":true,"href":"https:\/\/annapic.fr\/index.php\/wp-json\/wp\/v2\/tags?post=3692"}],"curies":[{"name":"wp","href":"https:\/\/api.w.org\/{rel}","templated":true}]}}