{"id":3670,"date":"2026-02-25T17:13:08","date_gmt":"2026-02-25T16:13:08","guid":{"rendered":"https:\/\/annapic.fr\/?p=3670"},"modified":"2026-04-07T17:23:35","modified_gmt":"2026-04-07T15:23:35","slug":"stopper-lusage-detourne-de-notre-production-militaire","status":"publish","type":"post","link":"https:\/\/annapic.fr\/index.php\/2026\/02\/25\/stopper-lusage-detourne-de-notre-production-militaire\/","title":{"rendered":"Stopper l\u2019usage d\u00e9tourn\u00e9 de notre production militaire"},"content":{"rendered":"<div class=\"xdj266r x14z9mp xat24cr x1lziwak x1vvkbs x126k92a\">\n<div dir=\"auto\">Malgr\u00e9 les embargos, des armes ou des composants fabriqu\u00e9s en France se retrouvent sur des champs de bataille o\u00f9 ils n\u2019ont pas lieu d\u2019\u00eatre. Tel est le cas en Russie ou au Soudan.<\/div>\n<div dir=\"auto\"><\/div>\n<\/div>\n<div class=\"x14z9mp xat24cr x1lziwak x1vvkbs xtlvy1s x126k92a\">\n<div dir=\"auto\">Que fait la France pour emp\u00eacher cela ?<\/div>\n<div dir=\"auto\"><\/div>\n<\/div>\n<div class=\"x14z9mp xat24cr x1lziwak x1vvkbs xtlvy1s x126k92a\">\n<div dir=\"auto\">\ud83d\udc49 <a href=\"https:\/\/www.facebook.com\/reel\/2683106668715123\">Ma demande au Gouvernement \u00e0 ce sujet en Commission de la D\u00e9fense<\/a><\/div>\n<\/div>\n","protected":false},"excerpt":{"rendered":"<p>Malgr\u00e9 les embargos, des armes ou des composants fabriqu\u00e9s en [&hellip;]<\/p>\n","protected":false},"author":9,"featured_media":3449,"comment_status":"open","ping_status":"open","sticky":false,"template":"","format":"standard","meta":{"footnotes":""},"categories":[129],"tags":[],"class_list":["post-3670","post","type-post","status-publish","format-standard","has-post-thumbnail","hentry","category-commission"],"_links":{"self":[{"href":"https:\/\/annapic.fr\/index.php\/wp-json\/wp\/v2\/posts\/3670","targetHints":{"allow":["GET"]}}],"collection":[{"href":"https:\/\/annapic.fr\/index.php\/wp-json\/wp\/v2\/posts"}],"about":[{"href":"https:\/\/annapic.fr\/index.php\/wp-json\/wp\/v2\/types\/post"}],"author":[{"embeddable":true,"href":"https:\/\/annapic.fr\/index.php\/wp-json\/wp\/v2\/users\/9"}],"replies":[{"embeddable":true,"href":"https:\/\/annapic.fr\/index.php\/wp-json\/wp\/v2\/comments?post=3670"}],"version-history":[{"count":1,"href":"https:\/\/annapic.fr\/index.php\/wp-json\/wp\/v2\/posts\/3670\/revisions"}],"predecessor-version":[{"id":3671,"href":"https:\/\/annapic.fr\/index.php\/wp-json\/wp\/v2\/posts\/3670\/revisions\/3671"}],"wp:featuredmedia":[{"embeddable":true,"href":"https:\/\/annapic.fr\/index.php\/wp-json\/wp\/v2\/media\/3449"}],"wp:attachment":[{"href":"https:\/\/annapic.fr\/index.php\/wp-json\/wp\/v2\/media?parent=3670"}],"wp:term":[{"taxonomy":"category","embeddable":true,"href":"https:\/\/annapic.fr\/index.php\/wp-json\/wp\/v2\/categories?post=3670"},{"taxonomy":"post_tag","embeddable":true,"href":"https:\/\/annapic.fr\/index.php\/wp-json\/wp\/v2\/tags?post=3670"}],"curies":[{"name":"wp","href":"https:\/\/api.w.org\/{rel}","templated":true}]}}