{"id":3668,"date":"2026-02-24T16:25:52","date_gmt":"2026-02-24T15:25:52","guid":{"rendered":"https:\/\/annapic.fr\/?p=3668"},"modified":"2026-04-07T17:10:21","modified_gmt":"2026-04-07T15:10:21","slug":"ukraine-un-soutien-que-le-gouvernement-doit-renforcer","status":"publish","type":"post","link":"https:\/\/annapic.fr\/index.php\/2026\/02\/24\/ukraine-un-soutien-que-le-gouvernement-doit-renforcer\/","title":{"rendered":"Ukraine : un soutien que le gouvernement doit renforcer"},"content":{"rendered":"<div class=\"xdj266r x14z9mp xat24cr x1lziwak x1vvkbs x126k92a\"><\/div>\n<div dir=\"auto\">Il y a d\u00e9sormais quatre ans jour pour jour, la Russie de Vladimir Poutine franchissait une nouvelle \u00e9tape en envahissant l&rsquo;Ukraine.<\/div>\n<div class=\"x14z9mp xat24cr x1lziwak x1vvkbs xtlvy1s x126k92a\">\n<div dir=\"auto\">\n<p>Depuis, un peuple r\u00e9siste face aux destructions, aux crimes contre les civils et aux violations du droit international. Il ne demande pourtant qu\u2019une seule chose : le respect. Le respect de son int\u00e9grit\u00e9 territoriale, de son ind\u00e9pendance, de sa population et de ses choix politiques.<\/p>\n<\/div>\n<\/div>\n<div class=\"x14z9mp xat24cr x1lziwak x1vvkbs xtlvy1s x126k92a\">\n<div dir=\"auto\">Parce qu\u2019ils sont agress\u00e9s par la Russie qui m\u00e8ne une guerre militaire mais aussi parce que c\u2019est l\u2019avenir de l\u2019Europe et de nos d\u00e9mocraties qui se joue, nous r\u00e9affirmons notre soutien total aux Ukrainiens.<\/div>\n<\/div>\n<div class=\"x14z9mp xat24cr x1lziwak x1vvkbs xtlvy1s x126k92a\">\n<div dir=\"auto\"><\/div>\n<\/div>\n<div class=\"x14z9mp xat24cr x1lziwak x1vvkbs xtlvy1s x126k92a\">\n<div dir=\"auto\">Si nous saluons les tentatives d\u2019obtenir des garanties de s\u00e9curit\u00e9 pour l\u2019Ukraine par la coalition des volontaires, celles-ci ne viendront qu\u2019apr\u00e8s un cessez-le-feu. Or, l\u2019Ukraine a besoin de nous maintenant pour \u00eatre replac\u00e9e dans une position de force dans les pourparlers qui se tiennent. La France et l\u2019Europe toute enti\u00e8re doivent lui en donner les moyens.<\/div>\n<div dir=\"auto\"><\/div>\n<\/div>\n<div class=\"x14z9mp xat24cr x1lziwak x1vvkbs xtlvy1s x126k92a\">\n<div dir=\"auto\">Mes questions au ministre de l&rsquo;Europe et des Affaires \u00e9trang\u00e8res :<\/div>\n<div dir=\"auto\">\u27a1\ufe0fQuelles mesures entendez-vous prendre pour accentuer notre soutien lorsque la participation de la France se situe seulement en 13e position en % de PIB ?<\/div>\n<div dir=\"auto\">\u27a1\ufe0fO\u00f9 en est la France de sa r\u00e9flexion concernant sa participation \u00e0 la mise en \u0153uvre d\u2019une zone d\u2019exclusion a\u00e9rienne permettant de s\u00e9curiser le ciel ukrainien et ainsi prot\u00e9ger la population civile ?<\/div>\n<\/div>\n<div dir=\"auto\"><\/div>\n<div dir=\"auto\">\ud83d\udc49 <a href=\"https:\/\/www.facebook.com\/reel\/1616049729582671\">Retrouvez mon intervention en s\u00e9ance<\/a><\/div>\n","protected":false},"excerpt":{"rendered":"<p>Il y a d\u00e9sormais quatre ans jour pour jour, la [&hellip;]<\/p>\n","protected":false},"author":9,"featured_media":2405,"comment_status":"open","ping_status":"open","sticky":false,"template":"","format":"standard","meta":{"footnotes":""},"categories":[138],"tags":[],"class_list":["post-3668","post","type-post","status-publish","format-standard","has-post-thumbnail","hentry","category-question-au-gouvernement"],"_links":{"self":[{"href":"https:\/\/annapic.fr\/index.php\/wp-json\/wp\/v2\/posts\/3668","targetHints":{"allow":["GET"]}}],"collection":[{"href":"https:\/\/annapic.fr\/index.php\/wp-json\/wp\/v2\/posts"}],"about":[{"href":"https:\/\/annapic.fr\/index.php\/wp-json\/wp\/v2\/types\/post"}],"author":[{"embeddable":true,"href":"https:\/\/annapic.fr\/index.php\/wp-json\/wp\/v2\/users\/9"}],"replies":[{"embeddable":true,"href":"https:\/\/annapic.fr\/index.php\/wp-json\/wp\/v2\/comments?post=3668"}],"version-history":[{"count":1,"href":"https:\/\/annapic.fr\/index.php\/wp-json\/wp\/v2\/posts\/3668\/revisions"}],"predecessor-version":[{"id":3669,"href":"https:\/\/annapic.fr\/index.php\/wp-json\/wp\/v2\/posts\/3668\/revisions\/3669"}],"wp:featuredmedia":[{"embeddable":true,"href":"https:\/\/annapic.fr\/index.php\/wp-json\/wp\/v2\/media\/2405"}],"wp:attachment":[{"href":"https:\/\/annapic.fr\/index.php\/wp-json\/wp\/v2\/media?parent=3668"}],"wp:term":[{"taxonomy":"category","embeddable":true,"href":"https:\/\/annapic.fr\/index.php\/wp-json\/wp\/v2\/categories?post=3668"},{"taxonomy":"post_tag","embeddable":true,"href":"https:\/\/annapic.fr\/index.php\/wp-json\/wp\/v2\/tags?post=3668"}],"curies":[{"name":"wp","href":"https:\/\/api.w.org\/{rel}","templated":true}]}}