{"id":3663,"date":"2026-03-27T08:13:32","date_gmt":"2026-03-27T07:13:32","guid":{"rendered":"https:\/\/annapic.fr\/?p=3663"},"modified":"2026-04-07T16:16:57","modified_gmt":"2026-04-07T14:16:57","slug":"debat-50-1-sur-la-situation-au-proche-et-moyen-orient","status":"publish","type":"post","link":"https:\/\/annapic.fr\/index.php\/2026\/03\/27\/debat-50-1-sur-la-situation-au-proche-et-moyen-orient\/","title":{"rendered":"D\u00e9bat 50-1 sur la situation au Proche et Moyen-Orient"},"content":{"rendered":"<div class=\"xdj266r x14z9mp xat24cr x1lziwak x1vvkbs x126k92a\">Mercredi, \u00e0 l\u2019Assembl\u00e9e nationale, dans le cadre du d\u00e9bat sur la situation au Proche et Moyen-Orient (article 50-1), j\u2019ai interpell\u00e9 le Gouvernement.<\/div>\n<div><\/div>\n<div class=\"xdj266r x14z9mp xat24cr x1lziwak x1vvkbs x126k92a\">Face \u00e0 l\u2019escalade militaire r\u00e9cente, notamment apr\u00e8s les frappes men\u00e9es par Isra\u00ebl et les \u00c9tats-Unis contre l&rsquo;Iran, j\u2019ai rappel\u00e9 une position claire : nous condamnons sans ambigu\u00eft\u00e9 la nature autoritaire du r\u00e9gime iranien, mais aucune solution durable ne peut na\u00eetre d\u2019actions militaires men\u00e9es en dehors de tout cadre international et sans mandat.<\/div>\n<div><\/div>\n<div class=\"x14z9mp xat24cr x1lziwak x1vvkbs xtlvy1s x126k92a\">Dans le m\u00eame temps, j\u2019ai d\u00e9nonc\u00e9 une r\u00e9alit\u00e9 trop souvent pass\u00e9e sous silence : les violations r\u00e9p\u00e9t\u00e9es du droit international par Isra\u00ebl dans son environnement proche, au Liban, en Syrie (plateau du Golan), en Cisjordanie et \u00e0 Gaza.<\/div>\n<div><\/div>\n<div class=\"x14z9mp xat24cr x1lziwak x1vvkbs xtlvy1s x126k92a\">Ces faits sont document\u00e9s, constants, et condamn\u00e9s par les juridictions internationales comme par les r\u00e9solutions des Nations unies.<\/div>\n<div><\/div>\n<div class=\"x14z9mp xat24cr x1lziwak x1vvkbs xtlvy1s x126k92a\">Le droit international n\u2019est pas \u00e0 g\u00e9om\u00e9trie variable. On ne peut pas condamner certaines violations, \u00e0 juste titre, et fermer les yeux sur d\u2019autres selon les circonstances ou les alliances.<\/div>\n<div><\/div>\n<div class=\"x14z9mp xat24cr x1lziwak x1vvkbs xtlvy1s x126k92a\">C\u2019est la cr\u00e9dibilit\u00e9 m\u00eame de l\u2019ordre international qui est en jeu.<\/div>\n<div><\/div>\n<div class=\"x14z9mp xat24cr x1lziwak x1vvkbs xtlvy1s x126k92a\">J\u2019ai donc demand\u00e9 au Gouvernement :<\/div>\n<div><\/div>\n<div class=\"x14z9mp xat24cr x1lziwak x1vvkbs xtlvy1s x126k92a\">\ud83d\udc49 que fait la France pour rendre effectives les garanties offertes au Liban dans le cadre du cessez-le-feu ?<\/div>\n<div class=\"x14z9mp xat24cr x1lziwak x1vvkbs xtlvy1s x126k92a\">\ud83d\udc49 et pour exiger, sous l\u2019\u00e9gide des Nations unies, une d\u00e9sescalade imm\u00e9diate et contraignante dans la r\u00e9gion ?<\/div>\n<div><\/div>\n<div class=\"x14z9mp xat24cr x1lziwak x1vvkbs xtlvy1s x126k92a\">La France doit porter une voix claire, coh\u00e9rente et exigeante : celle du droit, partout, pour tous.<\/div>\n<div><\/div>\n<div class=\"x14z9mp xat24cr x1lziwak x1vvkbs xtlvy1s x126k92a\">\u27a1\ufe0f Rendez-vous samedi 28 mars 2026 \u00e0 Caen \u00e0 l&rsquo;occasion de la manifestation r\u00e9gionale pour la d\u00e9fense des droits du peuple palestinien.<\/div>\n<div><\/div>\n<div>\u27a1\ufe0f <a href=\"https:\/\/www.facebook.com\/reel\/1310786577558055\/?s=single_unit\">Retrouvez mon intervention compl\u00e8te en s\u00e9ance<\/a><\/div>\n","protected":false},"excerpt":{"rendered":"<p>Mercredi, \u00e0 l\u2019Assembl\u00e9e nationale, dans le cadre du d\u00e9bat sur [&hellip;]<\/p>\n","protected":false},"author":3,"featured_media":2752,"comment_status":"open","ping_status":"open","sticky":false,"template":"","format":"standard","meta":{"footnotes":""},"categories":[90],"tags":[],"class_list":["post-3663","post","type-post","status-publish","format-standard","has-post-thumbnail","hentry","category-50-1"],"_links":{"self":[{"href":"https:\/\/annapic.fr\/index.php\/wp-json\/wp\/v2\/posts\/3663","targetHints":{"allow":["GET"]}}],"collection":[{"href":"https:\/\/annapic.fr\/index.php\/wp-json\/wp\/v2\/posts"}],"about":[{"href":"https:\/\/annapic.fr\/index.php\/wp-json\/wp\/v2\/types\/post"}],"author":[{"embeddable":true,"href":"https:\/\/annapic.fr\/index.php\/wp-json\/wp\/v2\/users\/3"}],"replies":[{"embeddable":true,"href":"https:\/\/annapic.fr\/index.php\/wp-json\/wp\/v2\/comments?post=3663"}],"version-history":[{"count":1,"href":"https:\/\/annapic.fr\/index.php\/wp-json\/wp\/v2\/posts\/3663\/revisions"}],"predecessor-version":[{"id":3664,"href":"https:\/\/annapic.fr\/index.php\/wp-json\/wp\/v2\/posts\/3663\/revisions\/3664"}],"wp:featuredmedia":[{"embeddable":true,"href":"https:\/\/annapic.fr\/index.php\/wp-json\/wp\/v2\/media\/2752"}],"wp:attachment":[{"href":"https:\/\/annapic.fr\/index.php\/wp-json\/wp\/v2\/media?parent=3663"}],"wp:term":[{"taxonomy":"category","embeddable":true,"href":"https:\/\/annapic.fr\/index.php\/wp-json\/wp\/v2\/categories?post=3663"},{"taxonomy":"post_tag","embeddable":true,"href":"https:\/\/annapic.fr\/index.php\/wp-json\/wp\/v2\/tags?post=3663"}],"curies":[{"name":"wp","href":"https:\/\/api.w.org\/{rel}","templated":true}]}}