{"id":3609,"date":"2025-11-25T11:13:12","date_gmt":"2025-11-25T10:13:12","guid":{"rendered":"https:\/\/annapic.fr\/?p=3609"},"modified":"2026-01-27T11:15:39","modified_gmt":"2026-01-27T10:15:39","slug":"ukraine-leurope-ne-peut-pas-disparaitre-de-la-scene-diplomatique","status":"publish","type":"post","link":"https:\/\/annapic.fr\/index.php\/2025\/11\/25\/ukraine-leurope-ne-peut-pas-disparaitre-de-la-scene-diplomatique\/","title":{"rendered":"Ukraine : l\u2019Europe ne peut pas dispara\u00eetre de la sc\u00e8ne diplomatique"},"content":{"rendered":"<p class=\"p1\">\u00c0 l\u2019approche de l\u2019hiver, la Russie frappe de nouveau les infrastructures \u00e9nerg\u00e9tiques ukrainiennes. Dans le m\u00eame temps, Donald Trump se pose en faiseur de paix avec un pr\u00e9tendu \u00ab plan \u00bb pour l\u2019Ukraine qui n\u2019a de paix que le nom : il ressemble surtout \u00e0 une capitulation impos\u00e9e au pays agress\u00e9, sans garanties de s\u00e9curit\u00e9 et en marginalisant totalement la diplomatie europ\u00e9enne.<\/p>\n<p class=\"p1\">Apr\u00e8s un plan pour Gaza qui a court-circuit\u00e9 les efforts multilat\u00e9raux d\u00e9fendus par la France \u00e0 l\u2019ONU, cette nouvelle initiative illustre un affaiblissement pr\u00e9occupant de l\u2019Europe sur la sc\u00e8ne internationale. Or cet effacement intervient alors que la menace est bien r\u00e9elle : guerre en Ukraine, pressions militaires sur le flanc oriental, attaques hybrides, cybermenaces, sabotages d\u2019infrastructures, intimidations en Manche et en mer du Nord.<\/p>\n<p class=\"p1\">Face \u00e0 cette strat\u00e9gie de conflictualit\u00e9 permanente, l\u2019Europe n\u2019a qu\u2019une option : la coh\u00e9sion. Coh\u00e9sion diplomatique, strat\u00e9gique et politique. Face \u00e0 la coalition des autoritaires, nous devons r\u00e9affirmer le multilat\u00e9ralisme, le droit international et un soutien ind\u00e9fectible au peuple ukrainien. La s\u00e9curit\u00e9 collective du continent en d\u00e9pend.<\/p>\n<p class=\"p1\">C\u2019est dans cet esprit que j\u2019ai interrog\u00e9 le gouvernement : quelle est la feuille de route fran\u00e7aise au sein de la coalition des volontaires ? Et comment la France entend-elle emp\u00eacher que les initiatives diplomatiques europ\u00e9ennes soient syst\u00e9matiquement contrecarr\u00e9es par les choix du pr\u00e9sident des \u00c9tats-Unis ?<\/p>\n<p>\u27a1\ufe0f <a href=\"https:\/\/www.assemblee-nationale.fr\/dyn\/17\/questions\/QANR5L17QG1027\">Acc\u00e9der \u00e0 la question<\/a><\/p>\n","protected":false},"excerpt":{"rendered":"<p>\u00c0 l\u2019approche de l\u2019hiver, la Russie frappe de nouveau les [&hellip;]<\/p>\n","protected":false},"author":3,"featured_media":3610,"comment_status":"open","ping_status":"open","sticky":false,"template":"","format":"standard","meta":{"footnotes":""},"categories":[138],"tags":[],"class_list":["post-3609","post","type-post","status-publish","format-standard","has-post-thumbnail","hentry","category-question-au-gouvernement"],"_links":{"self":[{"href":"https:\/\/annapic.fr\/index.php\/wp-json\/wp\/v2\/posts\/3609","targetHints":{"allow":["GET"]}}],"collection":[{"href":"https:\/\/annapic.fr\/index.php\/wp-json\/wp\/v2\/posts"}],"about":[{"href":"https:\/\/annapic.fr\/index.php\/wp-json\/wp\/v2\/types\/post"}],"author":[{"embeddable":true,"href":"https:\/\/annapic.fr\/index.php\/wp-json\/wp\/v2\/users\/3"}],"replies":[{"embeddable":true,"href":"https:\/\/annapic.fr\/index.php\/wp-json\/wp\/v2\/comments?post=3609"}],"version-history":[{"count":1,"href":"https:\/\/annapic.fr\/index.php\/wp-json\/wp\/v2\/posts\/3609\/revisions"}],"predecessor-version":[{"id":3611,"href":"https:\/\/annapic.fr\/index.php\/wp-json\/wp\/v2\/posts\/3609\/revisions\/3611"}],"wp:featuredmedia":[{"embeddable":true,"href":"https:\/\/annapic.fr\/index.php\/wp-json\/wp\/v2\/media\/3610"}],"wp:attachment":[{"href":"https:\/\/annapic.fr\/index.php\/wp-json\/wp\/v2\/media?parent=3609"}],"wp:term":[{"taxonomy":"category","embeddable":true,"href":"https:\/\/annapic.fr\/index.php\/wp-json\/wp\/v2\/categories?post=3609"},{"taxonomy":"post_tag","embeddable":true,"href":"https:\/\/annapic.fr\/index.php\/wp-json\/wp\/v2\/tags?post=3609"}],"curies":[{"name":"wp","href":"https:\/\/api.w.org\/{rel}","templated":true}]}}