{"id":3596,"date":"2025-11-19T11:04:09","date_gmt":"2025-11-19T10:04:09","guid":{"rendered":"https:\/\/annapic.fr\/?p=3596"},"modified":"2026-01-27T11:05:19","modified_gmt":"2026-01-27T10:05:19","slug":"rapport-sur-laccord-de-2022-entre-la-france-et-chypre","status":"publish","type":"post","link":"https:\/\/annapic.fr\/index.php\/2025\/11\/19\/rapport-sur-laccord-de-2022-entre-la-france-et-chypre\/","title":{"rendered":"Rapport sur l&rsquo;accord de 2022 entre la France et Chypre"},"content":{"rendered":"<p class=\"p1\">Je pr\u00e9sente aujourd\u2019hui un rapport consacr\u00e9 \u00e0 l\u2019accord sign\u00e9 le 9 septembre 2022 entre la France et la R\u00e9publique de Chypre, relatif \u00e0 l\u2019utilisation du territoire chypriote dans le cadre des op\u00e9rations d\u2019\u00e9vacuation de ressortissants depuis le Moyen-Orient. Ce texte s\u2019inscrit dans un contexte strat\u00e9gique marqu\u00e9 par la d\u00e9gradation durable de la situation s\u00e9curitaire en M\u00e9diterran\u00e9e orientale et par la n\u00e9cessit\u00e9, pour la France et ses partenaires europ\u00e9ens, de disposer de dispositifs d\u2019\u00e9vacuation fiables, rapides et juridiquement s\u00e9curis\u00e9s.<\/p>\n<p class=\"p1\">Au c\u0153ur de ce dispositif, Chypre occupe une position cl\u00e9. Sa stabilit\u00e9 relative, son appartenance \u00e0 l\u2019Union europ\u00e9enne et la qualit\u00e9 de ses infrastructures en font un point d\u2019appui essentiel pour les op\u00e9rations conduites par la France, comme l\u2019ont montr\u00e9 plusieurs crises r\u00e9centes. L\u2019accord de 2022 vient consolider une coop\u00e9ration ancienne mais longtemps fond\u00e9e sur des arrangements informels, en lui donnant un cadre juridique clair et op\u00e9rationnel, protecteur pour les personnels engag\u00e9s comme pour les autorit\u00e9s concern\u00e9es.<\/p>\n<p class=\"p1\">Ce rapport analyse les enjeux strat\u00e9giques et juridiques de cet accord, en d\u00e9taille les principales dispositions et en \u00e9value la port\u00e9e politique. Au-del\u00e0 de son objet technique, il illustre le renforcement du partenariat franco-chypriote et la contribution de la France \u00e0 une Europe plus cr\u00e9dible dans la gestion des crises et la protection des populations en M\u00e9diterran\u00e9e orientale.<\/p>\n","protected":false},"excerpt":{"rendered":"<p>Je pr\u00e9sente aujourd\u2019hui un rapport consacr\u00e9 \u00e0 l\u2019accord sign\u00e9 le [&hellip;]<\/p>\n","protected":false},"author":3,"featured_media":3597,"comment_status":"open","ping_status":"open","sticky":false,"template":"","format":"standard","meta":{"footnotes":""},"categories":[137],"tags":[],"class_list":["post-3596","post","type-post","status-publish","format-standard","has-post-thumbnail","hentry","category-rapport-parlementaire"],"_links":{"self":[{"href":"https:\/\/annapic.fr\/index.php\/wp-json\/wp\/v2\/posts\/3596","targetHints":{"allow":["GET"]}}],"collection":[{"href":"https:\/\/annapic.fr\/index.php\/wp-json\/wp\/v2\/posts"}],"about":[{"href":"https:\/\/annapic.fr\/index.php\/wp-json\/wp\/v2\/types\/post"}],"author":[{"embeddable":true,"href":"https:\/\/annapic.fr\/index.php\/wp-json\/wp\/v2\/users\/3"}],"replies":[{"embeddable":true,"href":"https:\/\/annapic.fr\/index.php\/wp-json\/wp\/v2\/comments?post=3596"}],"version-history":[{"count":1,"href":"https:\/\/annapic.fr\/index.php\/wp-json\/wp\/v2\/posts\/3596\/revisions"}],"predecessor-version":[{"id":3598,"href":"https:\/\/annapic.fr\/index.php\/wp-json\/wp\/v2\/posts\/3596\/revisions\/3598"}],"wp:featuredmedia":[{"embeddable":true,"href":"https:\/\/annapic.fr\/index.php\/wp-json\/wp\/v2\/media\/3597"}],"wp:attachment":[{"href":"https:\/\/annapic.fr\/index.php\/wp-json\/wp\/v2\/media?parent=3596"}],"wp:term":[{"taxonomy":"category","embeddable":true,"href":"https:\/\/annapic.fr\/index.php\/wp-json\/wp\/v2\/categories?post=3596"},{"taxonomy":"post_tag","embeddable":true,"href":"https:\/\/annapic.fr\/index.php\/wp-json\/wp\/v2\/tags?post=3596"}],"curies":[{"name":"wp","href":"https:\/\/api.w.org\/{rel}","templated":true}]}}