{"id":3318,"date":"2025-03-22T15:14:52","date_gmt":"2025-03-22T14:14:52","guid":{"rendered":"https:\/\/annapic.fr\/?p=3318"},"modified":"2025-03-26T15:17:58","modified_gmt":"2025-03-26T14:17:58","slug":"inauguration-du-43e-salon-de-lhabitat-de-la-presse-de-la-manche","status":"publish","type":"post","link":"https:\/\/annapic.fr\/index.php\/2025\/03\/22\/inauguration-du-43e-salon-de-lhabitat-de-la-presse-de-la-manche\/","title":{"rendered":"Inauguration du 43e Salon de l&rsquo;Habitat de La Presse de la Manche"},"content":{"rendered":"<p>Samedi 22 mars 2025, j&rsquo;ai particip\u00e9 \u00e0 l&rsquo;inauguration de la 43e \u00e9dition du Salon de l&rsquo;Habitat, qui a eu lieu \u00e0 La Cit\u00e9 de la Mer \u00e0 Cherbourg-en-Cotentin. Cette manifestation est une rencontre essentielle pour tous ceux qui envisagent des projets de logement, qu&rsquo;il s&rsquo;agisse de construction, de r\u00e9novation, de d\u00e9coration ou d&rsquo;am\u00e9nagement. Plus de 100 exposants \u00e9taient pr\u00e9sents, offrant une large gamme de services allant de la r\u00e9novation \u00e9nerg\u00e9tique \u00e0 la banque et l&rsquo;assurance, en passant par des produits comme des po\u00eales \u00e0 bois ou des canap\u00e9s design. L&rsquo;\u00e9v\u00e9nement permet aux visiteurs de rencontrer directement des professionnels et de trouver des solutions adapt\u00e9es \u00e0 leurs projet.<\/p>\n","protected":false},"excerpt":{"rendered":"<p>Samedi 22 mars 2025, j&rsquo;ai particip\u00e9 \u00e0 l&rsquo;inauguration de la [&hellip;]<\/p>\n","protected":false},"author":3,"featured_media":3319,"comment_status":"open","ping_status":"open","sticky":false,"template":"","format":"standard","meta":{"footnotes":""},"categories":[71],"tags":[],"class_list":["post-3318","post","type-post","status-publish","format-standard","has-post-thumbnail","hentry","category-ceremonie-an"],"_links":{"self":[{"href":"https:\/\/annapic.fr\/index.php\/wp-json\/wp\/v2\/posts\/3318","targetHints":{"allow":["GET"]}}],"collection":[{"href":"https:\/\/annapic.fr\/index.php\/wp-json\/wp\/v2\/posts"}],"about":[{"href":"https:\/\/annapic.fr\/index.php\/wp-json\/wp\/v2\/types\/post"}],"author":[{"embeddable":true,"href":"https:\/\/annapic.fr\/index.php\/wp-json\/wp\/v2\/users\/3"}],"replies":[{"embeddable":true,"href":"https:\/\/annapic.fr\/index.php\/wp-json\/wp\/v2\/comments?post=3318"}],"version-history":[{"count":1,"href":"https:\/\/annapic.fr\/index.php\/wp-json\/wp\/v2\/posts\/3318\/revisions"}],"predecessor-version":[{"id":3320,"href":"https:\/\/annapic.fr\/index.php\/wp-json\/wp\/v2\/posts\/3318\/revisions\/3320"}],"wp:featuredmedia":[{"embeddable":true,"href":"https:\/\/annapic.fr\/index.php\/wp-json\/wp\/v2\/media\/3319"}],"wp:attachment":[{"href":"https:\/\/annapic.fr\/index.php\/wp-json\/wp\/v2\/media?parent=3318"}],"wp:term":[{"taxonomy":"category","embeddable":true,"href":"https:\/\/annapic.fr\/index.php\/wp-json\/wp\/v2\/categories?post=3318"},{"taxonomy":"post_tag","embeddable":true,"href":"https:\/\/annapic.fr\/index.php\/wp-json\/wp\/v2\/tags?post=3318"}],"curies":[{"name":"wp","href":"https:\/\/api.w.org\/{rel}","templated":true}]}}