{"id":3302,"date":"2025-03-01T12:43:57","date_gmt":"2025-03-01T11:43:57","guid":{"rendered":"https:\/\/annapic.fr\/?p=3302"},"modified":"2025-03-26T12:48:00","modified_gmt":"2025-03-26T11:48:00","slug":"journee-du-benevole-de-cherbourg-en-cotentin","status":"publish","type":"post","link":"https:\/\/annapic.fr\/index.php\/2025\/03\/01\/journee-du-benevole-de-cherbourg-en-cotentin\/","title":{"rendered":"Journ\u00e9e du b\u00e9n\u00e9vole de Cherbourg-en-Cotentin"},"content":{"rendered":"<p class=\"\" data-start=\"59\" data-end=\"361\">J\u2019ai eu le plaisir de me rendre \u00e0 la Journ\u00e9e du b\u00e9n\u00e9vole organis\u00e9e par <em data-start=\"128\" data-end=\"146\">France B\u00e9n\u00e9volat<\/em> ce samedi 1\u1d49\u02b3 mars 2025 \u00e0 la salle des f\u00eates de Cherbourg-en-Cotentin. Cet \u00e9v\u00e9nement, qui se tient chaque ann\u00e9e, est une formidable occasion de mettre en lumi\u00e8re l\u2019engagement associatif et d\u2019encourager chacun \u00e0 s\u2019investir dans des causes vari\u00e9es.<\/p>\n<p class=\"\" data-start=\"363\" data-end=\"830\">Cette ann\u00e9e, une quarantaine d\u2019associations \u00e9taient pr\u00e9sentes, couvrant des domaines aussi divers que la solidarit\u00e9, la protection de l\u2019environnement, le patrimoine, la culture ou encore le sport. Parmi elles, des organisations bien connues comme <em data-start=\"610\" data-end=\"693\">La Croix-Rouge, Amnesty International, le Secours Populaire, les Scouts de France<\/em> ou encore <em data-start=\"704\" data-end=\"735\">Les Petits Fr\u00e8res des Pauvres<\/em>, mais aussi des initiatives locales comme <em data-start=\"778\" data-end=\"803\">Les Regardeurs Associ\u00e9s<\/em> ou <em data-start=\"807\" data-end=\"827\">Presqu\u2019\u00eele en Rose<\/em>.<\/p>\n<p class=\"\" data-start=\"832\" data-end=\"1218\">Tout au long de la journ\u00e9e, les visiteurs ont pu \u00e9changer avec les b\u00e9n\u00e9voles et d\u00e9couvrir comment s\u2019engager \u00e0 leur tour.<\/p>\n<p class=\"\" data-start=\"832\" data-end=\"1218\">Cette ann\u00e9e encore, la mobilisation et l\u2019enthousiasme \u00e9taient au rendez-vous, preuve que l\u2019engagement associatif reste une force essentielle pour notre territoire.<\/p>\n","protected":false},"excerpt":{"rendered":"<p>J\u2019ai eu le plaisir de me rendre \u00e0 la Journ\u00e9e [&hellip;]<\/p>\n","protected":false},"author":3,"featured_media":3303,"comment_status":"open","ping_status":"open","sticky":false,"template":"","format":"standard","meta":{"footnotes":""},"categories":[111],"tags":[],"class_list":["post-3302","post","type-post","status-publish","format-standard","has-post-thumbnail","hentry","category-visite"],"_links":{"self":[{"href":"https:\/\/annapic.fr\/index.php\/wp-json\/wp\/v2\/posts\/3302","targetHints":{"allow":["GET"]}}],"collection":[{"href":"https:\/\/annapic.fr\/index.php\/wp-json\/wp\/v2\/posts"}],"about":[{"href":"https:\/\/annapic.fr\/index.php\/wp-json\/wp\/v2\/types\/post"}],"author":[{"embeddable":true,"href":"https:\/\/annapic.fr\/index.php\/wp-json\/wp\/v2\/users\/3"}],"replies":[{"embeddable":true,"href":"https:\/\/annapic.fr\/index.php\/wp-json\/wp\/v2\/comments?post=3302"}],"version-history":[{"count":1,"href":"https:\/\/annapic.fr\/index.php\/wp-json\/wp\/v2\/posts\/3302\/revisions"}],"predecessor-version":[{"id":3304,"href":"https:\/\/annapic.fr\/index.php\/wp-json\/wp\/v2\/posts\/3302\/revisions\/3304"}],"wp:featuredmedia":[{"embeddable":true,"href":"https:\/\/annapic.fr\/index.php\/wp-json\/wp\/v2\/media\/3303"}],"wp:attachment":[{"href":"https:\/\/annapic.fr\/index.php\/wp-json\/wp\/v2\/media?parent=3302"}],"wp:term":[{"taxonomy":"category","embeddable":true,"href":"https:\/\/annapic.fr\/index.php\/wp-json\/wp\/v2\/categories?post=3302"},{"taxonomy":"post_tag","embeddable":true,"href":"https:\/\/annapic.fr\/index.php\/wp-json\/wp\/v2\/tags?post=3302"}],"curies":[{"name":"wp","href":"https:\/\/api.w.org\/{rel}","templated":true}]}}