{"id":2986,"date":"2024-04-30T10:17:17","date_gmt":"2024-04-30T08:17:17","guid":{"rendered":"https:\/\/annapic.fr\/?p=2986"},"modified":"2024-04-30T10:17:17","modified_gmt":"2024-04-30T08:17:17","slug":"monetisation-des-jours-de-repos","status":"publish","type":"post","link":"https:\/\/annapic.fr\/index.php\/2024\/04\/30\/monetisation-des-jours-de-repos\/","title":{"rendered":"Mon\u00e9tisation des jours de repos"},"content":{"rendered":"<p>Mme Anna Pic appelle l&rsquo;attention de M. le ministre de l&rsquo;\u00e9conomie, des finances et de la souverainet\u00e9 industrielle et num\u00e9rique sur l&rsquo;exon\u00e9ration de l&rsquo;imp\u00f4t sur le revenu s&rsquo;agissant de la r\u00e9mun\u00e9ration per\u00e7ue au titre de la mon\u00e9tisation des jours de repos. Face \u00e0 l&rsquo;inflation grandissante, la loi de finances rectificatives pour 2022 a notamment donn\u00e9 la possibilit\u00e9 aux salari\u00e9s du secteur priv\u00e9 de convertir leurs jours de repos en majoration de salaire, faisant l&rsquo;objet d&rsquo;exon\u00e9rations sociales et fiscales. L&rsquo;article 5 de la loi n\u00b0 2022-1157 du 16 ao\u00fbt 2022 de finances rectificatives pour 2022 affirme explicitement que ces r\u00e9mun\u00e9rations ouvrent droit au b\u00e9n\u00e9fice de l&rsquo;exon\u00e9ration d&rsquo;imp\u00f4t sur le revenu pr\u00e9vue \u00e0 l&rsquo;article 81 <em>quater<\/em> du code g\u00e9n\u00e9ral des imp\u00f4ts. Ce dernier pr\u00e9cisant alors que \u00ab sont exon\u00e9r\u00e9s de l&rsquo;imp\u00f4t sur le revenu les r\u00e9mun\u00e9rations, les majorations et les \u00e9l\u00e9ments de r\u00e9mun\u00e9ration mentionn\u00e9es aux I et III de l&rsquo;article L. 241-17 du code de la s\u00e9curit\u00e9 sociale, dans les conditions et limites fix\u00e9es au m\u00eame article L. 241-17 et dans une limite annuelle \u00e9gale \u00e0 7 500 euros \u00bb. Les salari\u00e9s du secteur priv\u00e9 peuvent donc b\u00e9n\u00e9ficier de cette exon\u00e9ration. Or alors m\u00eame que l&rsquo;inflation continue d&rsquo;affaiblir le pouvoir d&rsquo;achat des Fran\u00e7aises et Fran\u00e7ais, il appara\u00eet que les agents de la fonction publique ne disposent pas d&rsquo;un dispositif similaire. La r\u00e9mun\u00e9ration, s&rsquo;inscrivant dans le cadre du compte \u00e9pargne-temps mis en place par le d\u00e9cret n\u00b0 2002-634 du 29 avril 2002, fait, quant \u00e0 elle, l&rsquo;objet d&rsquo;une imposition cr\u00e9ant, de fait, une in\u00e9galit\u00e9 entre les salari\u00e9s du secteur priv\u00e9 et les agents de la fonction publique. Elle souhaite donc savoir quelles mesures il entend mettre en \u0153uvre pour r\u00e9pondre \u00e0 cette probl\u00e9matique.<\/p>\n<p>&nbsp;<\/p>\n<div class=\"fusion-button-wrapper\"><a class=\"fusion-button button-flat fusion-button-default-size button-default fusion-button-default button-1 fusion-button-default-span fusion-button-default-type\" style=\"--button_text_transform:none;\" target=\"_self\" href=\"https:\/\/questions.assemblee-nationale.fr\/q16\/16-17456QE.htm\"><span class=\"fusion-button-text\">Voir la question<\/span><\/a><\/div>\n","protected":false},"excerpt":{"rendered":"<p>Mme Anna Pic appelle l&rsquo;attention de M. le ministre de [&hellip;]<\/p>\n","protected":false},"author":6,"featured_media":2752,"comment_status":"open","ping_status":"open","sticky":false,"template":"","format":"standard","meta":{"footnotes":""},"categories":[58],"tags":[],"class_list":["post-2986","post","type-post","status-publish","format-standard","has-post-thumbnail","hentry","category-question-ecrite"],"_links":{"self":[{"href":"https:\/\/annapic.fr\/index.php\/wp-json\/wp\/v2\/posts\/2986","targetHints":{"allow":["GET"]}}],"collection":[{"href":"https:\/\/annapic.fr\/index.php\/wp-json\/wp\/v2\/posts"}],"about":[{"href":"https:\/\/annapic.fr\/index.php\/wp-json\/wp\/v2\/types\/post"}],"author":[{"embeddable":true,"href":"https:\/\/annapic.fr\/index.php\/wp-json\/wp\/v2\/users\/6"}],"replies":[{"embeddable":true,"href":"https:\/\/annapic.fr\/index.php\/wp-json\/wp\/v2\/comments?post=2986"}],"version-history":[{"count":1,"href":"https:\/\/annapic.fr\/index.php\/wp-json\/wp\/v2\/posts\/2986\/revisions"}],"predecessor-version":[{"id":2987,"href":"https:\/\/annapic.fr\/index.php\/wp-json\/wp\/v2\/posts\/2986\/revisions\/2987"}],"wp:featuredmedia":[{"embeddable":true,"href":"https:\/\/annapic.fr\/index.php\/wp-json\/wp\/v2\/media\/2752"}],"wp:attachment":[{"href":"https:\/\/annapic.fr\/index.php\/wp-json\/wp\/v2\/media?parent=2986"}],"wp:term":[{"taxonomy":"category","embeddable":true,"href":"https:\/\/annapic.fr\/index.php\/wp-json\/wp\/v2\/categories?post=2986"},{"taxonomy":"post_tag","embeddable":true,"href":"https:\/\/annapic.fr\/index.php\/wp-json\/wp\/v2\/tags?post=2986"}],"curies":[{"name":"wp","href":"https:\/\/api.w.org\/{rel}","templated":true}]}}