{"id":2981,"date":"2024-03-30T13:53:43","date_gmt":"2024-03-30T12:53:43","guid":{"rendered":"https:\/\/annapic.fr\/?p=2981"},"modified":"2024-04-25T13:54:37","modified_gmt":"2024-04-25T11:54:37","slug":"journee-du-benevolat-de-cherbourg-en-cotentin","status":"publish","type":"post","link":"https:\/\/annapic.fr\/index.php\/2024\/03\/30\/journee-du-benevolat-de-cherbourg-en-cotentin\/","title":{"rendered":"Journ\u00e9e du b\u00e9n\u00e9volat de Cherbourg-en-Cotentin"},"content":{"rendered":"<p>Je me suis rendue \u00e0 la Journ\u00e9e du b\u00e9n\u00e9volat \u00e0 la salle des f\u00eates de Cherbourg-en-Cotentin pour r\u00e9affirmer mon soutien \u00e0 tous les b\u00e9n\u00e9voles qui font vivre chaque jour notre tissu associatif. Nous avons \u00e9chang\u00e9 \u00e0 propos de leurs difficult\u00e9s de recrutement accrues par le report du d\u00e9part \u00e0 la retraite des travailleurs.<\/p>\n<p>&nbsp;<\/p>\n","protected":false},"excerpt":{"rendered":"<p>Je me suis rendue \u00e0 la Journ\u00e9e du b\u00e9n\u00e9volat \u00e0 [&hellip;]<\/p>\n","protected":false},"author":6,"featured_media":2982,"comment_status":"open","ping_status":"open","sticky":false,"template":"","format":"standard","meta":{"footnotes":""},"categories":[56],"tags":[120],"class_list":["post-2981","post","type-post","status-publish","format-standard","has-post-thumbnail","hentry","category-manifestation","tag-benevolat"],"_links":{"self":[{"href":"https:\/\/annapic.fr\/index.php\/wp-json\/wp\/v2\/posts\/2981","targetHints":{"allow":["GET"]}}],"collection":[{"href":"https:\/\/annapic.fr\/index.php\/wp-json\/wp\/v2\/posts"}],"about":[{"href":"https:\/\/annapic.fr\/index.php\/wp-json\/wp\/v2\/types\/post"}],"author":[{"embeddable":true,"href":"https:\/\/annapic.fr\/index.php\/wp-json\/wp\/v2\/users\/6"}],"replies":[{"embeddable":true,"href":"https:\/\/annapic.fr\/index.php\/wp-json\/wp\/v2\/comments?post=2981"}],"version-history":[{"count":1,"href":"https:\/\/annapic.fr\/index.php\/wp-json\/wp\/v2\/posts\/2981\/revisions"}],"predecessor-version":[{"id":2983,"href":"https:\/\/annapic.fr\/index.php\/wp-json\/wp\/v2\/posts\/2981\/revisions\/2983"}],"wp:featuredmedia":[{"embeddable":true,"href":"https:\/\/annapic.fr\/index.php\/wp-json\/wp\/v2\/media\/2982"}],"wp:attachment":[{"href":"https:\/\/annapic.fr\/index.php\/wp-json\/wp\/v2\/media?parent=2981"}],"wp:term":[{"taxonomy":"category","embeddable":true,"href":"https:\/\/annapic.fr\/index.php\/wp-json\/wp\/v2\/categories?post=2981"},{"taxonomy":"post_tag","embeddable":true,"href":"https:\/\/annapic.fr\/index.php\/wp-json\/wp\/v2\/tags?post=2981"}],"curies":[{"name":"wp","href":"https:\/\/api.w.org\/{rel}","templated":true}]}}