{"id":2970,"date":"2024-04-08T13:45:24","date_gmt":"2024-04-08T11:45:24","guid":{"rendered":"https:\/\/annapic.fr\/?p=2970"},"modified":"2024-04-30T12:13:43","modified_gmt":"2024-04-30T10:13:43","slug":"rencontre-avec-les-maires-de-douve-divette","status":"publish","type":"post","link":"https:\/\/annapic.fr\/index.php\/2024\/04\/08\/rencontre-avec-les-maires-de-douve-divette\/","title":{"rendered":"Rencontre avec les maires de Douve Divette"},"content":{"rendered":"<p>Questionn\u00e9e \u00e0 propos de la mise en oeuvre de la loi Climat et r\u00e9silience et de l\u2019imp\u00e9ratif de la z\u00e9ro artificialisation nette (ZAN), les \u00e9lus de Douve Divette m\u2019ont fait part de leurs inqui\u00e9tudes vis-\u00e0-vis d\u2019un imp\u00e9ratif qu&rsquo;ils trouvent injustifi\u00e9 alors que la gestion pass\u00e9e \u00e9tait vertueuse. \u00c0 l\u2019occasion des questions orales sans d\u00e9bat (QOSD), j\u2019interrogerai le Ministre quant \u00e0 l\u2019accompagnement de ces collectivit\u00e9s.<\/p>\n","protected":false},"excerpt":{"rendered":"<p>Questionn\u00e9e \u00e0 propos de la mise en oeuvre de la [&hellip;]<\/p>\n","protected":false},"author":6,"featured_media":2971,"comment_status":"open","ping_status":"open","sticky":false,"template":"","format":"standard","meta":{"footnotes":""},"categories":[55],"tags":[107],"class_list":["post-2970","post","type-post","status-publish","format-standard","has-post-thumbnail","hentry","category-reunion-terrain","tag-maires"],"_links":{"self":[{"href":"https:\/\/annapic.fr\/index.php\/wp-json\/wp\/v2\/posts\/2970","targetHints":{"allow":["GET"]}}],"collection":[{"href":"https:\/\/annapic.fr\/index.php\/wp-json\/wp\/v2\/posts"}],"about":[{"href":"https:\/\/annapic.fr\/index.php\/wp-json\/wp\/v2\/types\/post"}],"author":[{"embeddable":true,"href":"https:\/\/annapic.fr\/index.php\/wp-json\/wp\/v2\/users\/6"}],"replies":[{"embeddable":true,"href":"https:\/\/annapic.fr\/index.php\/wp-json\/wp\/v2\/comments?post=2970"}],"version-history":[{"count":2,"href":"https:\/\/annapic.fr\/index.php\/wp-json\/wp\/v2\/posts\/2970\/revisions"}],"predecessor-version":[{"id":2990,"href":"https:\/\/annapic.fr\/index.php\/wp-json\/wp\/v2\/posts\/2970\/revisions\/2990"}],"wp:featuredmedia":[{"embeddable":true,"href":"https:\/\/annapic.fr\/index.php\/wp-json\/wp\/v2\/media\/2971"}],"wp:attachment":[{"href":"https:\/\/annapic.fr\/index.php\/wp-json\/wp\/v2\/media?parent=2970"}],"wp:term":[{"taxonomy":"category","embeddable":true,"href":"https:\/\/annapic.fr\/index.php\/wp-json\/wp\/v2\/categories?post=2970"},{"taxonomy":"post_tag","embeddable":true,"href":"https:\/\/annapic.fr\/index.php\/wp-json\/wp\/v2\/tags?post=2970"}],"curies":[{"name":"wp","href":"https:\/\/api.w.org\/{rel}","templated":true}]}}