{"id":2799,"date":"2024-03-01T13:36:09","date_gmt":"2024-03-01T12:36:09","guid":{"rendered":"https:\/\/annapic.fr\/?p=2799"},"modified":"2024-03-06T13:50:16","modified_gmt":"2024-03-06T12:50:16","slug":"niche-parlementaire-2024","status":"publish","type":"post","link":"https:\/\/annapic.fr\/index.php\/2024\/03\/01\/niche-parlementaire-2024\/","title":{"rendered":"5 sur 5 : La niche parlementaire 2024 des d\u00e9put\u00e9s socialistes"},"content":{"rendered":"<p>La vie est parfois sem\u00e9e d\u2019embuches\u00a0;\u00a0<strong>les premi\u00e8res victimes en sont souvent nos compatriotes les plus modestes ou les plus fragiles.<\/strong><\/p>\n<p>Le pouvoir d\u2019achat, la sant\u00e9, le logement sont parmi les pr\u00e9occupations premi\u00e8res des Fran\u00e7aises et des Fran\u00e7ais alors que les fins de mois sont de plus en plus difficiles, l\u2019acc\u00e8s aux soins parfois incertain et le droit au logement toujours plus th\u00e9orique.<\/p>\n<p>\u00c0 l\u2019occasion de la journ\u00e9e parlementaire d\u00e9di\u00e9e \u00e0 l\u2019examen de ses propositions de loi,\u00a0<strong>les d\u00e9put\u00e9s socialistes et apparent\u00e9s ont choisi de pr\u00e9senter des textes courts et utiles \u00e0 la vie quotidienne des Fran\u00e7aises et des Fran\u00e7ais.<\/strong><\/p>\n<p>Toutes ces propositions de loi participent d\u2019une m\u00eame ambition,\u00a0donner \u00e0 chacun la possibilit\u00e9 de vivre mieux.<\/p>\n<p>Le groupe Socialistes et Apparent\u00e9s a fait le choix de textes mis\u00a0au service de l\u2019int\u00e9r\u00eat g\u00e9n\u00e9ral et susceptibles de trouver des majorit\u00e9s dans l\u2019h\u00e9micycle.<\/p>\n<p>Nous avons ainsi obtenu <strong>l&rsquo;adoption des cinq textes finalement pr\u00e9sent\u00e9s<\/strong> :<\/p>\n<p>\u26a1 <strong>Des factures d&rsquo;\u00e9lectricit\u00e9 r\u00e9duites pour nos boulangers<\/strong> ou nos agriculteurs et EDF prot\u00e9g\u00e9 d&rsquo;un d\u00e9membrement<\/p>\n<p>\ud83c\udfd0 Une loi initi\u00e9e par les s\u00e9nateurs socialistes renfor\u00e7ant le <strong>contr\u00f4le de l\u2019honorabilit\u00e9 des \u00e9ducateurs sportifs<\/strong><\/p>\n<p>\u2623\ufe0f La reconnaissance officielle de <strong>la responsabilit\u00e9 de l&rsquo;Etat<\/strong> dans le scandale sanitaire et environnemental du <strong>Chlord\u00e9cone <\/strong><\/p>\n<p>\ud83d\udcb8 Une loi pour qu&rsquo;aucun <strong>frais bancaires sur les successions<\/strong>\u00a0ne soient factur\u00e9s quand le d\u00e9funt est mineur ou pour un compte de moins de 5 000 euros<\/p>\n<p>\ud83d\udc8a La premi\u00e8re loi contre les <strong>p\u00e9nuries de m\u00e9dicaments<\/strong>, une loi qui augmente les stocks de s\u00e9curit\u00e9 des industriels pour tous les m\u00e9dicaments<\/p>\n<p>&nbsp;<\/p>\n<div class=\"fusion-button-wrapper\"><a class=\"fusion-button button-flat fusion-button-default-size button-default fusion-button-default button-1 fusion-button-default-span fusion-button-default-type\" style=\"--button_text_transform:none;\" target=\"_self\" href=\"http:\/\/annapic.fr\/wp-content\/uploads\/2024\/03\/Niche24_DPSeance.pdf\"><span class=\"fusion-button-text\">Lire le dossier de pr\u00e9sentation<\/span><\/a><\/div>\n","protected":false},"excerpt":{"rendered":"<p>La vie est parfois sem\u00e9e d\u2019embuches\u00a0;\u00a0les premi\u00e8res victimes en sont [&hellip;]<\/p>\n","protected":false},"author":3,"featured_media":2800,"comment_status":"open","ping_status":"open","sticky":false,"template":"","format":"standard","meta":{"footnotes":""},"categories":[80],"tags":[],"class_list":["post-2799","post","type-post","status-publish","format-standard","has-post-thumbnail","hentry","category-niche-parlementaire"],"_links":{"self":[{"href":"https:\/\/annapic.fr\/index.php\/wp-json\/wp\/v2\/posts\/2799","targetHints":{"allow":["GET"]}}],"collection":[{"href":"https:\/\/annapic.fr\/index.php\/wp-json\/wp\/v2\/posts"}],"about":[{"href":"https:\/\/annapic.fr\/index.php\/wp-json\/wp\/v2\/types\/post"}],"author":[{"embeddable":true,"href":"https:\/\/annapic.fr\/index.php\/wp-json\/wp\/v2\/users\/3"}],"replies":[{"embeddable":true,"href":"https:\/\/annapic.fr\/index.php\/wp-json\/wp\/v2\/comments?post=2799"}],"version-history":[{"count":3,"href":"https:\/\/annapic.fr\/index.php\/wp-json\/wp\/v2\/posts\/2799\/revisions"}],"predecessor-version":[{"id":2805,"href":"https:\/\/annapic.fr\/index.php\/wp-json\/wp\/v2\/posts\/2799\/revisions\/2805"}],"wp:featuredmedia":[{"embeddable":true,"href":"https:\/\/annapic.fr\/index.php\/wp-json\/wp\/v2\/media\/2800"}],"wp:attachment":[{"href":"https:\/\/annapic.fr\/index.php\/wp-json\/wp\/v2\/media?parent=2799"}],"wp:term":[{"taxonomy":"category","embeddable":true,"href":"https:\/\/annapic.fr\/index.php\/wp-json\/wp\/v2\/categories?post=2799"},{"taxonomy":"post_tag","embeddable":true,"href":"https:\/\/annapic.fr\/index.php\/wp-json\/wp\/v2\/tags?post=2799"}],"curies":[{"name":"wp","href":"https:\/\/api.w.org\/{rel}","templated":true}]}}