{"id":2723,"date":"2024-02-17T16:31:30","date_gmt":"2024-02-17T15:31:30","guid":{"rendered":"https:\/\/annapic.fr\/?p=2723"},"modified":"2024-02-21T14:24:50","modified_gmt":"2024-02-21T13:24:50","slug":"cessez-le-feu-a-gaza","status":"publish","type":"post","link":"https:\/\/annapic.fr\/index.php\/2024\/02\/17\/cessez-le-feu-a-gaza\/","title":{"rendered":"Cessez-le-feu \u00e0 Gaza"},"content":{"rendered":"<p>\u00c0 l&rsquo;appel de l&rsquo;association France-Palestine Nord-Cotentin, nous \u00e9tions plus de 120 personnes \u00e0 manifester \u00e0 Cherbourg-en-Cotentin pour appeler \u00e0 un cessez-le-feu dans la bande de Gaza.<\/p>\n<p>Nous avons ainsi demand\u00e9 l\u2019entr\u00e9e de l\u2019aide humanitaire et la lev\u00e9e durable du blocus, la lib\u00e9ration de tous les prisonniers politiques palestiniens d\u00e9tenus dans des prisons isra\u00e9liennes et la lib\u00e9ration de tous les otages isra\u00e9liens.<\/p>\n<p>&nbsp;<\/p>\n<div class=\"fusion-button-wrapper\"><a class=\"fusion-button button-flat fusion-button-default-size button-default fusion-button-default button-1 fusion-button-default-span fusion-button-default-type\" style=\"--button_text_transform:none;\" target=\"_self\" href=\"https:\/\/twitter.com\/AnnaPicDeputee\/status\/1758871609006280765\"><span class=\"fusion-button-text\">Voir la vid\u00e9o<\/span><\/a><\/div>\n","protected":false},"excerpt":{"rendered":"<p>\u00c0 l&rsquo;appel de l&rsquo;association France-Palestine Nord-Cotentin, nous \u00e9tions plus de [&hellip;]<\/p>\n","protected":false},"author":6,"featured_media":2727,"comment_status":"open","ping_status":"open","sticky":false,"template":"","format":"standard","meta":{"footnotes":""},"categories":[56],"tags":[73],"class_list":["post-2723","post","type-post","status-publish","format-standard","has-post-thumbnail","hentry","category-manifestation","tag-gaza"],"_links":{"self":[{"href":"https:\/\/annapic.fr\/index.php\/wp-json\/wp\/v2\/posts\/2723","targetHints":{"allow":["GET"]}}],"collection":[{"href":"https:\/\/annapic.fr\/index.php\/wp-json\/wp\/v2\/posts"}],"about":[{"href":"https:\/\/annapic.fr\/index.php\/wp-json\/wp\/v2\/types\/post"}],"author":[{"embeddable":true,"href":"https:\/\/annapic.fr\/index.php\/wp-json\/wp\/v2\/users\/6"}],"replies":[{"embeddable":true,"href":"https:\/\/annapic.fr\/index.php\/wp-json\/wp\/v2\/comments?post=2723"}],"version-history":[{"count":4,"href":"https:\/\/annapic.fr\/index.php\/wp-json\/wp\/v2\/posts\/2723\/revisions"}],"predecessor-version":[{"id":2745,"href":"https:\/\/annapic.fr\/index.php\/wp-json\/wp\/v2\/posts\/2723\/revisions\/2745"}],"wp:featuredmedia":[{"embeddable":true,"href":"https:\/\/annapic.fr\/index.php\/wp-json\/wp\/v2\/media\/2727"}],"wp:attachment":[{"href":"https:\/\/annapic.fr\/index.php\/wp-json\/wp\/v2\/media?parent=2723"}],"wp:term":[{"taxonomy":"category","embeddable":true,"href":"https:\/\/annapic.fr\/index.php\/wp-json\/wp\/v2\/categories?post=2723"},{"taxonomy":"post_tag","embeddable":true,"href":"https:\/\/annapic.fr\/index.php\/wp-json\/wp\/v2\/tags?post=2723"}],"curies":[{"name":"wp","href":"https:\/\/api.w.org\/{rel}","templated":true}]}}