{"id":2675,"date":"2024-02-13T15:14:12","date_gmt":"2024-02-13T14:14:12","guid":{"rendered":"https:\/\/annapic.fr\/?p=2675"},"modified":"2024-02-20T15:19:12","modified_gmt":"2024-02-20T14:19:12","slug":"difficultes-critiques-des-centres-sociaux","status":"publish","type":"post","link":"https:\/\/annapic.fr\/index.php\/2024\/02\/13\/difficultes-critiques-des-centres-sociaux\/","title":{"rendered":"Difficult\u00e9s critiques des centres sociaux"},"content":{"rendered":"<p>Mme Anna Pic attire l&rsquo;attention de Mme la ministre du travail, de la sant\u00e9 et des solidarit\u00e9s sur les difficult\u00e9s croissantes rencontr\u00e9es par les centres sociaux. On conna\u00eet aujourd&rsquo;hui un contexte social tr\u00e8s particulier. Les \u00e9meutes survenues l&rsquo;\u00e9t\u00e9 2023 obligent \u00e0 tirer des enseignements sur la n\u00e9cessit\u00e9 de renforcer les politiques \u00e9ducatives et les actions de soutien \u00e0 la parentalit\u00e9. Les centres sociaux sont un vecteur de lien social et font vivre les projets et mobilisations des habitants, tout en apportant des activit\u00e9s sociales, culturelles, \u00e9ducatives et familiales venant r\u00e9pondre \u00e0 un r\u00e9el besoin. Une d\u00e9marche de mobilisation nationale est en cours, port\u00e9e par la F\u00e9d\u00e9ration des centres sociaux et socioculturels de France (FCSF). Les nombreuses probl\u00e9matiques d\u00e9j\u00e0 connues sont une nouvelle fois \u00e9num\u00e9r\u00e9es : r\u00e9duction de la capacit\u00e9 d&rsquo;accueil, non reconduction de postes, surcharge administrative ou encore diminution de moyens. Afin de r\u00e9pondre \u00e0 ces difficult\u00e9s, compte tenu des budgets contraints des collectivit\u00e9s territoriales, un soutien de l&rsquo;\u00c9tat est indispensable. En l&rsquo;absence de ce dernier, les structures pourraient ne plus \u00eatre en mesure de remplir leurs missions. En effet, les centres sociaux connaissent une situation de plus en plus critique entre la forte croissance des demandes d&rsquo;un c\u00f4t\u00e9 et le manque d&rsquo;investissement public de l&rsquo;autre. Ainsi, elle souhaite conna\u00eetre les intentions du Gouvernement vis \u00e0 vis de l&rsquo;urgence dans laquelle se trouvent les centres sociaux, acteurs incontournables de coh\u00e9sion sociale.<\/p>\n<p>&nbsp;<\/p>\n<div class=\"fusion-button-wrapper\"><a class=\"fusion-button button-flat fusion-button-default-size button-default fusion-button-default button-1 fusion-button-default-span fusion-button-default-type\" style=\"--button_text_transform:none;\" target=\"_self\" href=\"https:\/\/questions.assemblee-nationale.fr\/q16\/16-15133QE.htm\"><span class=\"fusion-button-text\">Voir la question \u00e9crite<\/span><\/a><\/div>\n","protected":false},"excerpt":{"rendered":"<p>Mme Anna Pic attire l&rsquo;attention de Mme la ministre du [&hellip;]<\/p>\n","protected":false},"author":6,"featured_media":2406,"comment_status":"open","ping_status":"open","sticky":false,"template":"","format":"standard","meta":{"footnotes":""},"categories":[58],"tags":[64],"class_list":["post-2675","post","type-post","status-publish","format-standard","has-post-thumbnail","hentry","category-question-ecrite","tag-centres-sociaux"],"_links":{"self":[{"href":"https:\/\/annapic.fr\/index.php\/wp-json\/wp\/v2\/posts\/2675","targetHints":{"allow":["GET"]}}],"collection":[{"href":"https:\/\/annapic.fr\/index.php\/wp-json\/wp\/v2\/posts"}],"about":[{"href":"https:\/\/annapic.fr\/index.php\/wp-json\/wp\/v2\/types\/post"}],"author":[{"embeddable":true,"href":"https:\/\/annapic.fr\/index.php\/wp-json\/wp\/v2\/users\/6"}],"replies":[{"embeddable":true,"href":"https:\/\/annapic.fr\/index.php\/wp-json\/wp\/v2\/comments?post=2675"}],"version-history":[{"count":1,"href":"https:\/\/annapic.fr\/index.php\/wp-json\/wp\/v2\/posts\/2675\/revisions"}],"predecessor-version":[{"id":2676,"href":"https:\/\/annapic.fr\/index.php\/wp-json\/wp\/v2\/posts\/2675\/revisions\/2676"}],"wp:featuredmedia":[{"embeddable":true,"href":"https:\/\/annapic.fr\/index.php\/wp-json\/wp\/v2\/media\/2406"}],"wp:attachment":[{"href":"https:\/\/annapic.fr\/index.php\/wp-json\/wp\/v2\/media?parent=2675"}],"wp:term":[{"taxonomy":"category","embeddable":true,"href":"https:\/\/annapic.fr\/index.php\/wp-json\/wp\/v2\/categories?post=2675"},{"taxonomy":"post_tag","embeddable":true,"href":"https:\/\/annapic.fr\/index.php\/wp-json\/wp\/v2\/tags?post=2675"}],"curies":[{"name":"wp","href":"https:\/\/api.w.org\/{rel}","templated":true}]}}