{"id":2564,"date":"2024-01-31T17:10:33","date_gmt":"2024-01-31T16:10:33","guid":{"rendered":"https:\/\/annapic.fr\/?p=2564"},"modified":"2024-01-31T17:10:33","modified_gmt":"2024-01-31T16:10:33","slug":"projet-de-loi-immigration-le-gouvernement-et-sa-majorite-parlementaire-abdiquent-devant-lextreme-droite-et-sacrifient-les-valeurs","status":"publish","type":"post","link":"https:\/\/annapic.fr\/index.php\/2024\/01\/31\/projet-de-loi-immigration-le-gouvernement-et-sa-majorite-parlementaire-abdiquent-devant-lextreme-droite-et-sacrifient-les-valeurs\/","title":{"rendered":"Projet de loi immigration : Le Gouvernement et sa majorit\u00e9 parlementaire abdiquent devant l&rsquo;extr\u00eame droite et sacrifient les valeurs"},"content":{"rendered":"<p style=\"font-weight: 400;\">Le 24 avril 2022, jour de sa r\u00e9\u00e9lection \u00e0 la pr\u00e9sidence de la R\u00e9publique, Emmanuel Macron d\u00e9clarait \u00ab Votre vote m&rsquo;oblige \u00bb \u00e0 l&rsquo;attention des millions de Fran\u00e7aises et de Fran\u00e7ais ayant vot\u00e9 au 2<sup>nd<\/sup> tour de l&rsquo;\u00e9lection pr\u00e9sidentielle pour faire barrage \u00e0 l&rsquo;extr\u00eame droite de Marine Le Pen.<\/p>\n<p style=\"font-weight: 400;\">Un an et demi plus tard, la trahison est totale.<\/p>\n<p style=\"font-weight: 400;\">Ce mardi 19 d\u00e9cembre, la Commission mixte paritaire (CMP) charg\u00e9e de trouver un accord sur le projet de loi immigration a rendu une copie \u00e9crite sous la dict\u00e9e des d\u00e9put\u00e9s Les R\u00e9publicains et sous les applaudissements des d\u00e9put\u00e9s du Rassemblement national.<\/p>\n<p style=\"font-weight: 400;\">Du compromis \u00e0 la compromission, il n&rsquo;y avait visiblement qu&rsquo;un pas que le Gouvernement et la majorit\u00e9 parlementaire ont d\u00e9cid\u00e9 de franchir pour offrir la victoire culturelle \u00e0 l&rsquo;extr\u00eame droite.<\/p>\n<p style=\"font-weight: 400;\">Pr\u00e9f\u00e9rence nationale, principe de quota migratoire, durcissement du regroupement familial, introduction d&rsquo;une caution retour pour les \u00e9tudiants, r\u00e9tablissement du d\u00e9lit de s\u00e9jour irr\u00e9gulier, etc.<\/p>\n<p style=\"font-weight: 400;\">Avec ce texte, la macronie n&rsquo;a pas seulement c\u00e9d\u00e9 sur toutes les lignes rouges qu&rsquo;elle s&rsquo;\u00e9tait elle-m\u00eame impos\u00e9es, elle a all\u00e9grement d\u00e9pass\u00e9 la ligne bleu marine qu&rsquo;elle pr\u00e9tend pourtant combattre.<\/p>\n<p style=\"font-weight: 400;\">Ce dont Jean-Marie Le Pen a toujours r\u00eav\u00e9, la macronie lui a servi sur un plateau d&rsquo;argent pour ne pas avoir \u00e0 assumer un \u00e9ventuel \u00e9chec.<\/p>\n<p style=\"font-weight: 400;\">Ce texte n&rsquo;est ni plus ni moins qu&rsquo;une grave atteinte aux valeurs qui sont au fondement de notre R\u00e9publique. L&rsquo;universalisme des Lumi\u00e8res y est bafou\u00e9, la promesse r\u00e9publicaine foul\u00e9e aux pieds. De plus, il n&#8217;emp\u00eachera en aucun cas l&rsquo;immigration ill\u00e9gale mais compliquera la vie de ceux qui ont des papiers et travaillent dans nos h\u00f4pitaux, dans l&rsquo;agriculture, nuira \u00e0 la recherche universitaire et \u00e0 l&rsquo;image de la France dans le monde.<\/p>\n<p style=\"font-weight: 400;\">D&rsquo;ici \u00e0 quelques heures, le barrage r\u00e9publicain ne sera d\u00e9finitivement plus et le pr\u00e9sident Macron et ses soutiens resteront dans l&rsquo;Histoire comme ceux qui ont pav\u00e9 la voie \u00e0 la victoire id\u00e9ologique de Marine Le Pen.<\/p>\n<p style=\"font-weight: 400;\">Au d\u00e9shonneur, ils ajoutent la mise en p\u00e9ril de notre commun. Mais la France n&rsquo;est pas ce texte, la R\u00e9publique n&rsquo;est pas ce texte, et nous continuerons de nous battre pour que notre pays reste celui de la fraternit\u00e9, en accord avec les valeurs de 1789, 1848 et 1946.<\/p>\n<p><em><strong>Communiqu\u00e9 de presse du 19 d\u00e9cembre 2023<\/strong><\/em><\/p>\n","protected":false},"excerpt":{"rendered":"<p>Le 24 avril 2022, jour de sa r\u00e9\u00e9lection \u00e0 la [&hellip;]<\/p>\n","protected":false},"author":6,"featured_media":2565,"comment_status":"open","ping_status":"open","sticky":false,"template":"","format":"standard","meta":{"footnotes":""},"categories":[37],"tags":[43,44],"class_list":["post-2564","post","type-post","status-publish","format-standard","has-post-thumbnail","hentry","category-communique-de-presse","tag-immigration","tag-projet-de-loi"],"_links":{"self":[{"href":"https:\/\/annapic.fr\/index.php\/wp-json\/wp\/v2\/posts\/2564","targetHints":{"allow":["GET"]}}],"collection":[{"href":"https:\/\/annapic.fr\/index.php\/wp-json\/wp\/v2\/posts"}],"about":[{"href":"https:\/\/annapic.fr\/index.php\/wp-json\/wp\/v2\/types\/post"}],"author":[{"embeddable":true,"href":"https:\/\/annapic.fr\/index.php\/wp-json\/wp\/v2\/users\/6"}],"replies":[{"embeddable":true,"href":"https:\/\/annapic.fr\/index.php\/wp-json\/wp\/v2\/comments?post=2564"}],"version-history":[{"count":1,"href":"https:\/\/annapic.fr\/index.php\/wp-json\/wp\/v2\/posts\/2564\/revisions"}],"predecessor-version":[{"id":2568,"href":"https:\/\/annapic.fr\/index.php\/wp-json\/wp\/v2\/posts\/2564\/revisions\/2568"}],"wp:featuredmedia":[{"embeddable":true,"href":"https:\/\/annapic.fr\/index.php\/wp-json\/wp\/v2\/media\/2565"}],"wp:attachment":[{"href":"https:\/\/annapic.fr\/index.php\/wp-json\/wp\/v2\/media?parent=2564"}],"wp:term":[{"taxonomy":"category","embeddable":true,"href":"https:\/\/annapic.fr\/index.php\/wp-json\/wp\/v2\/categories?post=2564"},{"taxonomy":"post_tag","embeddable":true,"href":"https:\/\/annapic.fr\/index.php\/wp-json\/wp\/v2\/tags?post=2564"}],"curies":[{"name":"wp","href":"https:\/\/api.w.org\/{rel}","templated":true}]}}